{"id":5819,"global_id":"www.iessansebastian.com\/web?id=5819","global_id_lineage":["www.iessansebastian.com\/web?id=5819"],"author":"1","status":"publish","date":"2022-04-19 23:01:34","date_utc":"2022-04-19 21:01:34","modified":"2022-05-09 12:41:48","modified_utc":"2022-05-09 10:41:48","url":"https:\/\/www.iessansebastian.com\/web\/event\/los-plasticos-en-los-oceanos\/","rest_url":"https:\/\/www.iessansebastian.com\/web\/wp-json\/tribe\/events\/v1\/events\/5819","title":"LOS PL\u00c1STICOS EN LOS OC\u00c9ANOS","description":"<p><strong>Curso implicado<\/strong>: 2\u00ba ESO<\/p>\n<p><strong>Profesores acompa\u00f1antes<\/strong>:<\/p>\n<ul>\n<li>Sergio B\u00e1\u00f1ez Iglesias<\/li>\n<li>Pilar Carmona Zalvide<\/li>\n<li>Roc\u00edo Mori\u00f1a Zarza<\/li>\n<\/ul>\n<ul>\n<li>8:30h. Charla \u201cLos pl\u00e1sticos en los oc\u00e9anos\u201d en el <strong>sal\u00f3n de actos del IES San Sebasti\u00e1n.<\/strong><\/li>\n<li>9:15 h. Salida a la playa de Punta Umbr\u00eda: Recogida y reciclaje de residuos de pl\u00e1sticos en la Canaleta. Organizado por Mares, Chelonia y Coca-Cola.<\/li>\n<li>12:00h. Estudio de l biodiversidad en la zona intermareal.<\/li>\n<\/ul>","excerpt":"","slug":"los-plasticos-en-los-oceanos","image":{"url":"https:\/\/www.iessansebastian.com\/web\/wp-content\/uploads\/2022\/04\/plasticosenlosoceanos.jpg","id":5820,"extension":"jpg","width":880,"height":440,"sizes":{"medium":{"width":300,"height":150,"mime-type":"image\/jpeg","url":"https:\/\/www.iessansebastian.com\/web\/wp-content\/uploads\/2022\/04\/plasticosenlosoceanos-300x150.jpg"},"thumbnail":{"width":150,"height":150,"mime-type":"image\/jpeg","url":"https:\/\/www.iessansebastian.com\/web\/wp-content\/uploads\/2022\/04\/plasticosenlosoceanos-150x150.jpg"},"medium_large":{"width":768,"height":384,"mime-type":"image\/jpeg","url":"https:\/\/www.iessansebastian.com\/web\/wp-content\/uploads\/2022\/04\/plasticosenlosoceanos-768x384.jpg"},"ocean-thumb-m":{"width":600,"height":440,"mime-type":"image\/jpeg","url":"https:\/\/www.iessansebastian.com\/web\/wp-content\/uploads\/2022\/04\/plasticosenlosoceanos-600x440.jpg"},"ocean-thumb-ml":{"width":800,"height":440,"mime-type":"image\/jpeg","url":"https:\/\/www.iessansebastian.com\/web\/wp-content\/uploads\/2022\/04\/plasticosenlosoceanos-800x440.jpg"}}},"all_day":false,"start_date":"2022-05-10 08:00:00","start_date_details":{"year":"2022","month":"05","day":"10","hour":"08","minutes":"00","seconds":"00"},"end_date":"2022-05-10 15:00:00","end_date_details":{"year":"2022","month":"05","day":"10","hour":"15","minutes":"00","seconds":"00"},"utc_start_date":"2022-05-10 06:00:00","utc_start_date_details":{"year":"2022","month":"05","day":"10","hour":"06","minutes":"00","seconds":"00"},"utc_end_date":"2022-05-10 13:00:00","utc_end_date_details":{"year":"2022","month":"05","day":"10","hour":"13","minutes":"00","seconds":"00"},"timezone":"Europe\/Madrid","timezone_abbr":"CEST","cost":"","cost_details":{"currency_symbol":"","currency_code":"","currency_position":"prefix","values":[]},"website":"","show_map":true,"show_map_link":true,"hide_from_listings":false,"sticky":false,"featured":false,"categories":[],"tags":[{"name":"ALDEA","slug":"aldea","term_group":0,"term_taxonomy_id":7,"taxonomy":"post_tag","description":"","parent":0,"count":25,"filter":"raw","id":7,"urls":{"self":"https:\/\/www.iessansebastian.com\/web\/wp-json\/tribe\/events\/v1\/tags\/7","collection":"https:\/\/www.iessansebastian.com\/web\/wp-json\/tribe\/events\/v1\/tags"}},{"name":"ESO","slug":"eso","term_group":0,"term_taxonomy_id":9,"taxonomy":"post_tag","description":"","parent":0,"count":156,"filter":"raw","id":9,"urls":{"self":"https:\/\/www.iessansebastian.com\/web\/wp-json\/tribe\/events\/v1\/tags\/9","collection":"https:\/\/www.iessansebastian.com\/web\/wp-json\/tribe\/events\/v1\/tags"}}],"venue":[],"organizer":[],"custom_fields":[],"json_ld":{"@context":"http:\/\/schema.org","@type":"Event","name":"LOS PL\u00c1STICOS EN LOS OC\u00c9ANOS","description":"&lt;p&gt;Curso implicado: 2\u00ba ESO Profesores acompa\u00f1antes: Sergio B\u00e1\u00f1ez Iglesias Pilar Carmona Zalvide Roc\u00edo Mori\u00f1a Zarza 8:30h. Charla \u201cLos pl\u00e1sticos en los oc\u00e9anos\u201d en el sal\u00f3n de actos del IES San [&hellip;]&lt;\/p&gt;\\n","image":"https:\/\/www.iessansebastian.com\/web\/wp-content\/uploads\/2022\/04\/plasticosenlosoceanos.jpg","url":"https:\/\/www.iessansebastian.com\/web\/event\/los-plasticos-en-los-oceanos\/","eventAttendanceMode":"https:\/\/schema.org\/OfflineEventAttendanceMode","eventStatus":"https:\/\/schema.org\/EventScheduled","startDate":"2022-05-10T08:00:00+02:00","endDate":"2022-05-10T15:00:00+02:00","performer":"Organization"}}