{"id":7592,"global_id":"www.iessansebastian.com\/web?id=7592","global_id_lineage":["www.iessansebastian.com\/web?id=7592"],"author":"3","status":"publish","date":"2023-04-14 12:16:19","date_utc":"2023-04-14 10:16:19","modified":"2023-04-21 13:56:05","modified_utc":"2023-04-21 11:56:05","url":"https:\/\/www.iessansebastian.com\/web\/event\/visita-a-inta\/","rest_url":"https:\/\/www.iessansebastian.com\/web\/wp-json\/tribe\/events\/v1\/events\/7592","title":"Visita al Instituto Nacional de T\u00e9cnica Aeroespacial","description":"<p><strong>Organizado por el Dpto. F\u00edsica y Qu\u00edmica<\/strong><\/p>\n<p>Curso Implicado:<\/p>\n<ul>\n<li><strong>4\u00ba ESO A<\/strong><\/li>\n<li><strong>1\u00ba BACHILLERATO A<\/strong><\/li>\n<li><strong>2\u00ba BACHILLERATO A<\/strong><\/li>\n<li><strong>2\u00ba BACHILLERATO CIENCIAS SEMIPRESENCIAL<\/strong><\/li>\n<li><strong>9 alumnos franceses<\/strong><\/li>\n<\/ul>\n<p>Profesores acompa\u00f1ante:<\/p>\n<ul>\n<li><strong>Juan Fco. Cano Rodr\u00edguez<\/strong><\/li>\n<li><strong>Antonio Carrillo L\u00f3pez<\/strong><\/li>\n<\/ul>\n<p>&nbsp;<\/p>","excerpt":"","slug":"visita-a-inta","image":{"url":"https:\/\/www.iessansebastian.com\/web\/wp-content\/uploads\/2023\/04\/inta.jpg","id":7594,"extension":"jpg","width":770,"height":513,"filesize":99474,"sizes":{"medium":{"width":300,"height":200,"mime-type":"image\/jpeg","filesize":15768,"url":"https:\/\/www.iessansebastian.com\/web\/wp-content\/uploads\/2023\/04\/inta-300x200.jpg"},"thumbnail":{"width":150,"height":150,"mime-type":"image\/jpeg","filesize":6200,"url":"https:\/\/www.iessansebastian.com\/web\/wp-content\/uploads\/2023\/04\/inta-150x150.jpg"},"medium_large":{"width":768,"height":512,"mime-type":"image\/jpeg","filesize":91613,"url":"https:\/\/www.iessansebastian.com\/web\/wp-content\/uploads\/2023\/04\/inta-768x512.jpg"},"ocean-thumb-m":{"width":600,"height":513,"mime-type":"image\/jpeg","filesize":81028,"url":"https:\/\/www.iessansebastian.com\/web\/wp-content\/uploads\/2023\/04\/inta-600x513.jpg"},"ocean-thumb-ml":{"width":770,"height":450,"mime-type":"image\/jpeg","filesize":90438,"url":"https:\/\/www.iessansebastian.com\/web\/wp-content\/uploads\/2023\/04\/inta-770x450.jpg"}}},"all_day":false,"start_date":"2023-05-09 09:00:00","start_date_details":{"year":"2023","month":"05","day":"09","hour":"09","minutes":"00","seconds":"00"},"end_date":"2023-05-09 14:30:00","end_date_details":{"year":"2023","month":"05","day":"09","hour":"14","minutes":"30","seconds":"00"},"utc_start_date":"2023-05-09 07:00:00","utc_start_date_details":{"year":"2023","month":"05","day":"09","hour":"07","minutes":"00","seconds":"00"},"utc_end_date":"2023-05-09 12:30:00","utc_end_date_details":{"year":"2023","month":"05","day":"09","hour":"12","minutes":"30","seconds":"00"},"timezone":"Europe\/Madrid","timezone_abbr":"CEST","cost":"","cost_details":{"currency_symbol":"","currency_code":"","currency_position":"prefix","values":[]},"website":"","show_map":true,"show_map_link":true,"hide_from_listings":false,"sticky":false,"featured":false,"categories":[],"tags":[{"name":"BACHILLERATO","slug":"bachillerato","term_group":0,"term_taxonomy_id":10,"taxonomy":"post_tag","description":"","parent":0,"count":86,"filter":"raw","id":10,"urls":{"self":"https:\/\/www.iessansebastian.com\/web\/wp-json\/tribe\/events\/v1\/tags\/10","collection":"https:\/\/www.iessansebastian.com\/web\/wp-json\/tribe\/events\/v1\/tags"}},{"name":"ESO","slug":"eso","term_group":0,"term_taxonomy_id":9,"taxonomy":"post_tag","description":"","parent":0,"count":156,"filter":"raw","id":9,"urls":{"self":"https:\/\/www.iessansebastian.com\/web\/wp-json\/tribe\/events\/v1\/tags\/9","collection":"https:\/\/www.iessansebastian.com\/web\/wp-json\/tribe\/events\/v1\/tags"}}],"venue":[],"organizer":[],"custom_fields":[],"json_ld":{"@context":"http:\/\/schema.org","@type":"Event","name":"Visita al Instituto Nacional de T\u00e9cnica Aeroespacial","description":"&lt;p&gt;Organizado por el Dpto. F\u00edsica y Qu\u00edmica Curso Implicado: 4\u00ba ESO A 1\u00ba BACHILLERATO A 2\u00ba BACHILLERATO A 2\u00ba BACHILLERATO CIENCIAS SEMIPRESENCIAL 9 alumnos franceses Profesores acompa\u00f1ante: Juan Fco. Cano [&hellip;]&lt;\/p&gt;\\n","image":"https:\/\/www.iessansebastian.com\/web\/wp-content\/uploads\/2023\/04\/inta.jpg","url":"https:\/\/www.iessansebastian.com\/web\/event\/visita-a-inta\/","eventAttendanceMode":"https:\/\/schema.org\/OfflineEventAttendanceMode","eventStatus":"https:\/\/schema.org\/EventScheduled","startDate":"2023-05-09T09:00:00+02:00","endDate":"2023-05-09T14:30:00+02:00","performer":"Organization"}}